{"id":498,"date":"2024-05-29T12:59:34","date_gmt":"2024-05-29T10:59:34","guid":{"rendered":"https:\/\/galabau-alraune.de\/?p=498"},"modified":"2025-10-22T11:42:21","modified_gmt":"2025-10-22T09:42:21","slug":"gruene-ausbildung-kennenlernen-natur-in-der-stadt-erleben","status":"publish","type":"post","link":"https:\/\/galabau-alraune.de\/index.php\/gruene-ausbildung-kennenlernen-natur-in-der-stadt-erleben\/","title":{"rendered":"Gr\u00fcne Ausbildung kennenlernen, Natur in der Stadt erleben"},"content":{"rendered":"\n<figure class=\"wp-block-image size-large\"><img loading=\"lazy\" decoding=\"async\" width=\"1024\" height=\"741\" src=\"https:\/\/galabau-alraune.de\/wp-content\/uploads\/2024\/05\/Oli-Neffe-1-1024x741.jpg\" alt=\"\" class=\"wp-image-499\" srcset=\"https:\/\/galabau-alraune.de\/wp-content\/uploads\/2024\/05\/Oli-Neffe-1-1024x741.jpg 1024w, https:\/\/galabau-alraune.de\/wp-content\/uploads\/2024\/05\/Oli-Neffe-1-300x217.jpg 300w, https:\/\/galabau-alraune.de\/wp-content\/uploads\/2024\/05\/Oli-Neffe-1-768x556.jpg 768w, https:\/\/galabau-alraune.de\/wp-content\/uploads\/2024\/05\/Oli-Neffe-1-1536x1112.jpg 1536w, https:\/\/galabau-alraune.de\/wp-content\/uploads\/2024\/05\/Oli-Neffe-1-2048x1482.jpg 2048w\" sizes=\"auto, (max-width: 706px) 89vw, (max-width: 767px) 82vw, 740px\" \/><\/figure>\n\n\n\n<p>Das Ausbildungszentrum Garten \u2013 und Landschaftsbau (AZG)<br>der Alraune gGmbH l\u00e4dt ein zum Tag der offenen T\u00fcr.<br><br><strong>Freitag, 12. Juni 2026<br>10:00 \u2013 14:00 Uhr<\/strong><\/p>\n\n\n\n<p><br>Wir stellen Ihnen die vielseitige Fachrichtung Garten- und Landschaftsbau des G\u00e4rtnerberufes vor. Erleben sie unsere Umsch\u00fcler auf dem von ihnen wundersch\u00f6n gestalteten Ausbildungsgel\u00e4nde.<\/p>\n\n\n\n<p>Wir freuen uns auf Besuche unserer Nachbarn, Interessenten an einer Ausbildung zum Garten- und Landschaftsg\u00e4rtner, Freunde und Unterst\u00fctzer des AZG\u00b4S und \u00fcberhaupt jeden der bei einem kleinen Snack unsere gr\u00fcne Oase kennenlernen m\u00f6chte.<br><br><\/p>\n","protected":false},"excerpt":{"rendered":"<p>Das Ausbildungszentrum Garten \u2013 und Landschaftsbau (AZG)der Alraune gGmbH l\u00e4dt ein zum Tag der offenen T\u00fcr. Freitag, 12. Juni 202610:00 \u2013 14:00 Uhr Wir stellen Ihnen die vielseitige Fachrichtung Garten- und Landschaftsbau des G\u00e4rtnerberufes vor. Erleben sie unsere Umsch\u00fcler auf dem von ihnen wundersch\u00f6n gestalteten Ausbildungsgel\u00e4nde. Wir freuen uns auf Besuche unserer Nachbarn, Interessenten an &hellip; <\/p>\n<p class=\"link-more\"><a href=\"https:\/\/galabau-alraune.de\/index.php\/gruene-ausbildung-kennenlernen-natur-in-der-stadt-erleben\/\" class=\"more-link\"><span class=\"screen-reader-text\">\u201eGr\u00fcne Ausbildung kennenlernen, Natur in der Stadt erleben\u201c <\/span>weiterlesen<\/a><\/p>\n","protected":false},"author":1,"featured_media":0,"comment_status":"closed","ping_status":"","sticky":true,"template":"","format":"standard","meta":{"footnotes":""},"categories":[1],"tags":[],"class_list":["post-498","post","type-post","status-publish","format-standard","hentry","category-allgemein"],"_links":{"self":[{"href":"https:\/\/galabau-alraune.de\/index.php\/wp-json\/wp\/v2\/posts\/498","targetHints":{"allow":["GET"]}}],"collection":[{"href":"https:\/\/galabau-alraune.de\/index.php\/wp-json\/wp\/v2\/posts"}],"about":[{"href":"https:\/\/galabau-alraune.de\/index.php\/wp-json\/wp\/v2\/types\/post"}],"author":[{"embeddable":true,"href":"https:\/\/galabau-alraune.de\/index.php\/wp-json\/wp\/v2\/users\/1"}],"replies":[{"embeddable":true,"href":"https:\/\/galabau-alraune.de\/index.php\/wp-json\/wp\/v2\/comments?post=498"}],"version-history":[{"count":5,"href":"https:\/\/galabau-alraune.de\/index.php\/wp-json\/wp\/v2\/posts\/498\/revisions"}],"predecessor-version":[{"id":537,"href":"https:\/\/galabau-alraune.de\/index.php\/wp-json\/wp\/v2\/posts\/498\/revisions\/537"}],"wp:attachment":[{"href":"https:\/\/galabau-alraune.de\/index.php\/wp-json\/wp\/v2\/media?parent=498"}],"wp:term":[{"taxonomy":"category","embeddable":true,"href":"https:\/\/galabau-alraune.de\/index.php\/wp-json\/wp\/v2\/categories?post=498"},{"taxonomy":"post_tag","embeddable":true,"href":"https:\/\/galabau-alraune.de\/index.php\/wp-json\/wp\/v2\/tags?post=498"}],"curies":[{"name":"wp","href":"https:\/\/api.w.org\/{rel}","templated":true}]}}